{"id":29896,"date":"2019-10-23T10:59:22","date_gmt":"2019-10-23T08:59:22","guid":{"rendered":"https:\/\/www.robisa.es\/pr-benq-robisa\/"},"modified":"2019-10-23T13:27:08","modified_gmt":"2019-10-23T11:27:08","slug":"pr-benq-robisa","status":"publish","type":"post","link":"https:\/\/www.robisa.es\/pt\/pr-benq-robisa\/","title":{"rendered":"BenQ Technology e Robisa"},"content":{"rendered":"<div class=\"flex_column av_one_full  flex_column_div av-zero-column-padding first  \" style='border-radius:0px; '><p><section class=\"av_textblock_section \" ><div class='avia_textblock  '  ><p><strong>\u00a0<\/strong><\/p>\n<h1><span style=\"font-size: 24pt;\">BenQ Technology e Robisa formam nova alian\u00e7a no setor da fotografia profissional<\/span><\/h1>\n<\/div><\/section><br \/>\n<div style='height:50px' class='hr hr-invisible  '><span class='hr-inner ' ><span class='hr-inner-style'><\/span><\/span><\/div><br \/>\n<section class=\"av_textblock_section \" ><div class='avia_textblock  '  ><p><em>A empresa de Taiwan fortalece a sua posi\u00e7\u00e3o no setor vertical profissional e a Robisa amplia o seu j\u00e1 robusto cat\u00e1logo de distribui\u00e7\u00e3o.<\/em><\/p>\n<\/div><\/section><br \/>\n<div style='height:50px' class='hr hr-invisible  '><span class='hr-inner ' ><span class='hr-inner-style'><\/span><\/span><\/div><br \/>\n<div class='avia-image-container  av-styling-    avia-align-center '  ><div class='avia-image-container-inner'><img class='avia_image ' src='https:\/\/www.robisa.es\/wp-content\/uploads\/2019\/10\/BenQ-serie-PV.jpg' alt='' title='BenQ serie PV'   \/><\/div><\/div><br \/>\n<div style='height:50px' class='hr hr-invisible  '><span class='hr-inner ' ><span class='hr-inner-style'><\/span><\/span><\/div><br \/>\n<section class=\"av_textblock_section \" ><div class='avia_textblock  '  ><p><strong>Lisboa, 23 de outubro de 2019<\/strong> \u2013 A BenQ \u00e9 uma empresa chave no mercado dos monitores profissionais para fot\u00f3grafos com v\u00e1rios anos de experi\u00eancia no desenvolvimento de produtos que respondem \u00e0s necessidades deste segmento de consumo.<\/p>\n<p>Os monitores BenQ cumprem com elevados standards de cor ao cobrirem 99% do espa\u00e7o de cores Adobe RGB, 100% do sRGB\/Rec.709 e 97% do DCI-P3\/Display P3, o que permite uma representa\u00e7\u00e3o de cores altamente precisa para fotografia de exteriores e espa\u00e7os naturais.<\/p>\n<p>Os seus monitores est\u00e3o tamb\u00e9m certificados com os prestigiosos selos da PANTONE e CalMAN, possibilitando aos profissionais trabalhar com uma exatid\u00e3o crom\u00e1tica aprovada pelos principais agentes da ind\u00fastria.<\/p>\n<p>A s\u00e9rie de monitores SW foi extremamente bem recebida pelo mercado, que p\u00f4de desfrutar da tecnologia BenQ de elevada qualidade visual e precis\u00e3o. A fabricante tem uma vasta experi\u00eancia na comercializa\u00e7\u00e3o de monitores de alta qualidade para diversas aplica\u00e7\u00f5es profissionais.<\/p>\n<p>Com o objetivo de potenciar o seu canal profissional, a BenQ Technology firma um acordo com a Robisa, que amplia o seu j\u00e1 robusto cat\u00e1logo de distribui\u00e7\u00e3o.<\/p>\n<\/div><\/section><\/p><\/div><div style='height:50px' class='hr hr-invisible  '><span class='hr-inner ' ><span class='hr-inner-style'><\/span><\/span><\/div><\/p>\n<div class=\"flex_column av_one_half  flex_column_div av-zero-column-padding first  \" style='border-radius:0px; '><div class='avia-image-container  av-styling-    avia-align-center '  ><div class='avia-image-container-inner'><img class='avia_image ' src='https:\/\/www.robisa.es\/wp-content\/uploads\/2019\/10\/sw240-1200-monitor-comparison-1-500586733hardware-calibration.jpg' alt='' title='sw240-1200-monitor-comparison-1-500586733(hardware-calibration)'   \/><\/div><\/div><\/div>\n<div class=\"flex_column av_one_half  flex_column_div av-zero-column-padding   \" style='border-radius:0px; '><div class='avia-image-container  av-styling-    avia-align-center '  ><div class='avia-image-container-inner'><img class='avia_image ' src='https:\/\/www.robisa.es\/wp-content\/uploads\/2019\/10\/Captura-1.jpg' alt='' title='Captura'   \/><\/div><\/div><\/div>\n<div style='height:50px' class='hr hr-invisible  '><span class='hr-inner ' ><span class='hr-inner-style'><\/span><\/span><\/div>\n<div class='avia-button-wrap avia-button-center '><a href='https:\/\/www.robisa.es\/wp-content\/uploads\/2019\/10\/2019.10_PR_BENQ-ROBISA-distribucao_PT.zip' class='avia-button   avia-icon_select-no avia-color-theme-color avia-size-small avia-position-center '   ><span class='avia_iconbox_title' >DESCARGAR NOTA DE PRENSA E IM\u00c1GENES<\/span><\/a><\/div>\n<div style='height:50px' class='hr hr-invisible  '><span class='hr-inner ' ><span class='hr-inner-style'><\/span><\/span><\/div>\n","protected":false},"excerpt":{"rendered":"","protected":false},"author":9,"featured_media":29528,"comment_status":"open","ping_status":"open","sticky":false,"template":"","format":"standard","meta":{"footnotes":""},"categories":[165,872],"tags":[866,867,868,869,254,870,871,260],"class_list":["post-29896","post","type-post","status-publish","format-standard","has-post-thumbnail","hentry","category-notas-de-prensa-pt","category-https-www-robisa-es-pt-notas-imprensa-benq","tag-benq-pt","tag-benq-monitor-pt","tag-distribucion-pt","tag-espana-pt","tag-fotografia-pt","tag-monitoresbenqq-pt","tag-portugal-pt","tag-robisa-pt"],"yoast_head":"<!-- This site is optimized with the Yoast SEO plugin v27.5 - https:\/\/yoast.com\/product\/yoast-seo-wordpress\/ -->\n<title>BenQ Technology y Robisa forjan nueva alianza en el sector fotogr\u00e1fico profesional<\/title>\n<meta name=\"description\" content=\"BenQ Technology marca clave en el mercado de los monitores profesionales para fot\u00f3grafos, acaba de firmar un acuerdo con Robisa, ampliando el ya s\u00f3lido cat\u00e1logo del distribuidor para esta audiencia.\" \/>\n<meta name=\"robots\" content=\"index, follow, max-snippet:-1, max-image-preview:large, max-video-preview:-1\" \/>\n<link rel=\"canonical\" href=\"https:\/\/www.robisa.es\/pt\/pr-benq-robisa\/\" \/>\n<meta property=\"og:locale\" content=\"pt_PT\" \/>\n<meta property=\"og:type\" content=\"article\" \/>\n<meta property=\"og:title\" content=\"BenQ Technology y Robisa forjan nueva alianza en el sector fotogr\u00e1fico profesional\" \/>\n<meta property=\"og:description\" content=\"BenQ Technology marca clave en el mercado de los monitores profesionales para fot\u00f3grafos, acaba de firmar un acuerdo con Robisa, ampliando el ya s\u00f3lido cat\u00e1logo del distribuidor para esta audiencia.\" \/>\n<meta property=\"og:url\" content=\"https:\/\/www.robisa.es\/pt\/pr-benq-robisa\/\" \/>\n<meta property=\"og:site_name\" content=\"ROBISA\" \/>\n<meta property=\"article:publisher\" content=\"http:\/\/www.facebook.com\/pages\/ROBISA\/236622023060912\" \/>\n<meta property=\"article:published_time\" content=\"2019-10-23T08:59:22+00:00\" \/>\n<meta property=\"article:modified_time\" content=\"2019-10-23T11:27:08+00:00\" \/>\n<meta property=\"og:image\" content=\"https:\/\/www.robisa.es\/wp-content\/uploads\/2019\/10\/BenQ-serie-PV.jpg\" \/>\n\t<meta property=\"og:image:width\" content=\"954\" \/>\n\t<meta property=\"og:image:height\" content=\"460\" \/>\n\t<meta property=\"og:image:type\" content=\"image\/jpeg\" \/>\n<meta name=\"author\" content=\"ROBISA\" \/>\n<meta name=\"twitter:card\" content=\"summary_large_image\" \/>\n<meta name=\"twitter:creator\" content=\"@ROBISA\" \/>\n<meta name=\"twitter:site\" content=\"@ROBISA\" \/>\n<meta name=\"twitter:label1\" content=\"Written by\" \/>\n\t<meta name=\"twitter:data1\" content=\"ROBISA\" \/>\n\t<meta name=\"twitter:label2\" content=\"Est. reading time\" \/>\n\t<meta name=\"twitter:data2\" content=\"5 minutes\" \/>\n<script type=\"application\/ld+json\" class=\"yoast-schema-graph\">{\"@context\":\"https:\\\/\\\/schema.org\",\"@graph\":[{\"@type\":\"Article\",\"@id\":\"https:\\\/\\\/www.robisa.es\\\/pt\\\/pr-benq-robisa\\\/#article\",\"isPartOf\":{\"@id\":\"https:\\\/\\\/www.robisa.es\\\/pt\\\/pr-benq-robisa\\\/\"},\"author\":{\"name\":\"ROBISA\",\"@id\":\"https:\\\/\\\/www.robisa.es\\\/pt\\\/#\\\/schema\\\/person\\\/684d4ab560dbdff1913d56dd2dc8e524\"},\"headline\":\"BenQ Technology e Robisa\",\"datePublished\":\"2019-10-23T08:59:22+00:00\",\"dateModified\":\"2019-10-23T11:27:08+00:00\",\"mainEntityOfPage\":{\"@id\":\"https:\\\/\\\/www.robisa.es\\\/pt\\\/pr-benq-robisa\\\/\"},\"wordCount\":800,\"commentCount\":0,\"publisher\":{\"@id\":\"https:\\\/\\\/www.robisa.es\\\/pt\\\/#organization\"},\"image\":{\"@id\":\"https:\\\/\\\/www.robisa.es\\\/pt\\\/pr-benq-robisa\\\/#primaryimage\"},\"thumbnailUrl\":\"https:\\\/\\\/www.robisa.es\\\/wp-content\\\/uploads\\\/2019\\\/10\\\/BenQ-serie-PV.jpg\",\"keywords\":[\"BenQ\",\"BenQ monitor\",\"distribucion\",\"espa\u00f1a\",\"Fotograf\u00eda\",\"monitoresBenqQ\",\"portugal\",\"Robisa\"],\"articleSection\":[\"COMUNICADO DE IMPRENSA\",\"NP IMPRENSA BENQ\"],\"inLanguage\":\"pt\",\"potentialAction\":[{\"@type\":\"CommentAction\",\"name\":\"Comment\",\"target\":[\"https:\\\/\\\/www.robisa.es\\\/pt\\\/pr-benq-robisa\\\/#respond\"]}]},{\"@type\":\"WebPage\",\"@id\":\"https:\\\/\\\/www.robisa.es\\\/pt\\\/pr-benq-robisa\\\/\",\"url\":\"https:\\\/\\\/www.robisa.es\\\/pt\\\/pr-benq-robisa\\\/\",\"name\":\"BenQ Technology y Robisa forjan nueva alianza en el sector fotogr\u00e1fico profesional\",\"isPartOf\":{\"@id\":\"https:\\\/\\\/www.robisa.es\\\/pt\\\/#website\"},\"primaryImageOfPage\":{\"@id\":\"https:\\\/\\\/www.robisa.es\\\/pt\\\/pr-benq-robisa\\\/#primaryimage\"},\"image\":{\"@id\":\"https:\\\/\\\/www.robisa.es\\\/pt\\\/pr-benq-robisa\\\/#primaryimage\"},\"thumbnailUrl\":\"https:\\\/\\\/www.robisa.es\\\/wp-content\\\/uploads\\\/2019\\\/10\\\/BenQ-serie-PV.jpg\",\"datePublished\":\"2019-10-23T08:59:22+00:00\",\"dateModified\":\"2019-10-23T11:27:08+00:00\",\"description\":\"BenQ Technology marca clave en el mercado de los monitores profesionales para fot\u00f3grafos, acaba de firmar un acuerdo con Robisa, ampliando el ya s\u00f3lido cat\u00e1logo del distribuidor para esta audiencia.\",\"breadcrumb\":{\"@id\":\"https:\\\/\\\/www.robisa.es\\\/pt\\\/pr-benq-robisa\\\/#breadcrumb\"},\"inLanguage\":\"pt\",\"potentialAction\":[{\"@type\":\"ReadAction\",\"target\":[\"https:\\\/\\\/www.robisa.es\\\/pt\\\/pr-benq-robisa\\\/\"]}]},{\"@type\":\"ImageObject\",\"inLanguage\":\"pt\",\"@id\":\"https:\\\/\\\/www.robisa.es\\\/pt\\\/pr-benq-robisa\\\/#primaryimage\",\"url\":\"https:\\\/\\\/www.robisa.es\\\/wp-content\\\/uploads\\\/2019\\\/10\\\/BenQ-serie-PV.jpg\",\"contentUrl\":\"https:\\\/\\\/www.robisa.es\\\/wp-content\\\/uploads\\\/2019\\\/10\\\/BenQ-serie-PV.jpg\",\"width\":954,\"height\":460},{\"@type\":\"BreadcrumbList\",\"@id\":\"https:\\\/\\\/www.robisa.es\\\/pt\\\/pr-benq-robisa\\\/#breadcrumb\",\"itemListElement\":[{\"@type\":\"ListItem\",\"position\":1,\"name\":\"Portada\",\"item\":\"https:\\\/\\\/www.robisa.es\\\/pt\\\/home\\\/\"},{\"@type\":\"ListItem\",\"position\":2,\"name\":\"BenQ Technology e Robisa\"}]},{\"@type\":\"WebSite\",\"@id\":\"https:\\\/\\\/www.robisa.es\\\/pt\\\/#website\",\"url\":\"https:\\\/\\\/www.robisa.es\\\/pt\\\/\",\"name\":\"ROBISA\",\"description\":\"Los mejores productos de fotograf\u00eda para profesionales y particulares con total garant\u00eda\",\"publisher\":{\"@id\":\"https:\\\/\\\/www.robisa.es\\\/pt\\\/#organization\"},\"potentialAction\":[{\"@type\":\"SearchAction\",\"target\":{\"@type\":\"EntryPoint\",\"urlTemplate\":\"https:\\\/\\\/www.robisa.es\\\/pt\\\/?s={search_term_string}\"},\"query-input\":{\"@type\":\"PropertyValueSpecification\",\"valueRequired\":true,\"valueName\":\"search_term_string\"}}],\"inLanguage\":\"pt\"},{\"@type\":\"Organization\",\"@id\":\"https:\\\/\\\/www.robisa.es\\\/pt\\\/#organization\",\"name\":\"Robisa\",\"url\":\"https:\\\/\\\/www.robisa.es\\\/pt\\\/\",\"logo\":{\"@type\":\"ImageObject\",\"inLanguage\":\"pt\",\"@id\":\"https:\\\/\\\/www.robisa.es\\\/pt\\\/#\\\/schema\\\/logo\\\/image\\\/\",\"url\":\"https:\\\/\\\/www.robisa.es\\\/wp-content\\\/uploads\\\/2016\\\/01\\\/robisa-rgb_negro-NEW-02.png\",\"contentUrl\":\"https:\\\/\\\/www.robisa.es\\\/wp-content\\\/uploads\\\/2016\\\/01\\\/robisa-rgb_negro-NEW-02.png\",\"width\":675,\"height\":298,\"caption\":\"Robisa\"},\"image\":{\"@id\":\"https:\\\/\\\/www.robisa.es\\\/pt\\\/#\\\/schema\\\/logo\\\/image\\\/\"},\"sameAs\":[\"http:\\\/\\\/www.facebook.com\\\/pages\\\/ROBISA\\\/236622023060912\",\"https:\\\/\\\/x.com\\\/ROBISA\",\"https:\\\/\\\/www.instagram.com\\\/robisa.es\\\/\",\"https:\\\/\\\/www.linkedin.com\\\/company\\\/rodolfo-biber-s-a-robisa-\",\"http:\\\/\\\/www.youtube.com\\\/user\\\/robisavideos\"]},{\"@type\":\"Person\",\"@id\":\"https:\\\/\\\/www.robisa.es\\\/pt\\\/#\\\/schema\\\/person\\\/684d4ab560dbdff1913d56dd2dc8e524\",\"name\":\"ROBISA\",\"image\":{\"@type\":\"ImageObject\",\"inLanguage\":\"pt\",\"@id\":\"https:\\\/\\\/secure.gravatar.com\\\/avatar\\\/c0402470c0499dbe228b4981b7686049fc63465ef613dced1c79a252d02c3f96?s=96&d=mm&r=g\",\"url\":\"https:\\\/\\\/secure.gravatar.com\\\/avatar\\\/c0402470c0499dbe228b4981b7686049fc63465ef613dced1c79a252d02c3f96?s=96&d=mm&r=g\",\"contentUrl\":\"https:\\\/\\\/secure.gravatar.com\\\/avatar\\\/c0402470c0499dbe228b4981b7686049fc63465ef613dced1c79a252d02c3f96?s=96&d=mm&r=g\",\"caption\":\"ROBISA\"}}]}<\/script>\n<!-- \/ Yoast SEO plugin. -->","yoast_head_json":{"title":"BenQ Technology y Robisa forjan nueva alianza en el sector fotogr\u00e1fico profesional","description":"BenQ Technology marca clave en el mercado de los monitores profesionales para fot\u00f3grafos, acaba de firmar un acuerdo con Robisa, ampliando el ya s\u00f3lido cat\u00e1logo del distribuidor para esta audiencia.","robots":{"index":"index","follow":"follow","max-snippet":"max-snippet:-1","max-image-preview":"max-image-preview:large","max-video-preview":"max-video-preview:-1"},"canonical":"https:\/\/www.robisa.es\/pt\/pr-benq-robisa\/","og_locale":"pt_PT","og_type":"article","og_title":"BenQ Technology y Robisa forjan nueva alianza en el sector fotogr\u00e1fico profesional","og_description":"BenQ Technology marca clave en el mercado de los monitores profesionales para fot\u00f3grafos, acaba de firmar un acuerdo con Robisa, ampliando el ya s\u00f3lido cat\u00e1logo del distribuidor para esta audiencia.","og_url":"https:\/\/www.robisa.es\/pt\/pr-benq-robisa\/","og_site_name":"ROBISA","article_publisher":"http:\/\/www.facebook.com\/pages\/ROBISA\/236622023060912","article_published_time":"2019-10-23T08:59:22+00:00","article_modified_time":"2019-10-23T11:27:08+00:00","og_image":[{"width":954,"height":460,"url":"https:\/\/www.robisa.es\/wp-content\/uploads\/2019\/10\/BenQ-serie-PV.jpg","type":"image\/jpeg"}],"author":"ROBISA","twitter_card":"summary_large_image","twitter_creator":"@ROBISA","twitter_site":"@ROBISA","twitter_misc":{"Written by":"ROBISA","Est. reading time":"5 minutes"},"schema":{"@context":"https:\/\/schema.org","@graph":[{"@type":"Article","@id":"https:\/\/www.robisa.es\/pt\/pr-benq-robisa\/#article","isPartOf":{"@id":"https:\/\/www.robisa.es\/pt\/pr-benq-robisa\/"},"author":{"name":"ROBISA","@id":"https:\/\/www.robisa.es\/pt\/#\/schema\/person\/684d4ab560dbdff1913d56dd2dc8e524"},"headline":"BenQ Technology e Robisa","datePublished":"2019-10-23T08:59:22+00:00","dateModified":"2019-10-23T11:27:08+00:00","mainEntityOfPage":{"@id":"https:\/\/www.robisa.es\/pt\/pr-benq-robisa\/"},"wordCount":800,"commentCount":0,"publisher":{"@id":"https:\/\/www.robisa.es\/pt\/#organization"},"image":{"@id":"https:\/\/www.robisa.es\/pt\/pr-benq-robisa\/#primaryimage"},"thumbnailUrl":"https:\/\/www.robisa.es\/wp-content\/uploads\/2019\/10\/BenQ-serie-PV.jpg","keywords":["BenQ","BenQ monitor","distribucion","espa\u00f1a","Fotograf\u00eda","monitoresBenqQ","portugal","Robisa"],"articleSection":["COMUNICADO DE IMPRENSA","NP IMPRENSA BENQ"],"inLanguage":"pt","potentialAction":[{"@type":"CommentAction","name":"Comment","target":["https:\/\/www.robisa.es\/pt\/pr-benq-robisa\/#respond"]}]},{"@type":"WebPage","@id":"https:\/\/www.robisa.es\/pt\/pr-benq-robisa\/","url":"https:\/\/www.robisa.es\/pt\/pr-benq-robisa\/","name":"BenQ Technology y Robisa forjan nueva alianza en el sector fotogr\u00e1fico profesional","isPartOf":{"@id":"https:\/\/www.robisa.es\/pt\/#website"},"primaryImageOfPage":{"@id":"https:\/\/www.robisa.es\/pt\/pr-benq-robisa\/#primaryimage"},"image":{"@id":"https:\/\/www.robisa.es\/pt\/pr-benq-robisa\/#primaryimage"},"thumbnailUrl":"https:\/\/www.robisa.es\/wp-content\/uploads\/2019\/10\/BenQ-serie-PV.jpg","datePublished":"2019-10-23T08:59:22+00:00","dateModified":"2019-10-23T11:27:08+00:00","description":"BenQ Technology marca clave en el mercado de los monitores profesionales para fot\u00f3grafos, acaba de firmar un acuerdo con Robisa, ampliando el ya s\u00f3lido cat\u00e1logo del distribuidor para esta audiencia.","breadcrumb":{"@id":"https:\/\/www.robisa.es\/pt\/pr-benq-robisa\/#breadcrumb"},"inLanguage":"pt","potentialAction":[{"@type":"ReadAction","target":["https:\/\/www.robisa.es\/pt\/pr-benq-robisa\/"]}]},{"@type":"ImageObject","inLanguage":"pt","@id":"https:\/\/www.robisa.es\/pt\/pr-benq-robisa\/#primaryimage","url":"https:\/\/www.robisa.es\/wp-content\/uploads\/2019\/10\/BenQ-serie-PV.jpg","contentUrl":"https:\/\/www.robisa.es\/wp-content\/uploads\/2019\/10\/BenQ-serie-PV.jpg","width":954,"height":460},{"@type":"BreadcrumbList","@id":"https:\/\/www.robisa.es\/pt\/pr-benq-robisa\/#breadcrumb","itemListElement":[{"@type":"ListItem","position":1,"name":"Portada","item":"https:\/\/www.robisa.es\/pt\/home\/"},{"@type":"ListItem","position":2,"name":"BenQ Technology e Robisa"}]},{"@type":"WebSite","@id":"https:\/\/www.robisa.es\/pt\/#website","url":"https:\/\/www.robisa.es\/pt\/","name":"ROBISA","description":"Los mejores productos de fotograf\u00eda para profesionales y particulares con total garant\u00eda","publisher":{"@id":"https:\/\/www.robisa.es\/pt\/#organization"},"potentialAction":[{"@type":"SearchAction","target":{"@type":"EntryPoint","urlTemplate":"https:\/\/www.robisa.es\/pt\/?s={search_term_string}"},"query-input":{"@type":"PropertyValueSpecification","valueRequired":true,"valueName":"search_term_string"}}],"inLanguage":"pt"},{"@type":"Organization","@id":"https:\/\/www.robisa.es\/pt\/#organization","name":"Robisa","url":"https:\/\/www.robisa.es\/pt\/","logo":{"@type":"ImageObject","inLanguage":"pt","@id":"https:\/\/www.robisa.es\/pt\/#\/schema\/logo\/image\/","url":"https:\/\/www.robisa.es\/wp-content\/uploads\/2016\/01\/robisa-rgb_negro-NEW-02.png","contentUrl":"https:\/\/www.robisa.es\/wp-content\/uploads\/2016\/01\/robisa-rgb_negro-NEW-02.png","width":675,"height":298,"caption":"Robisa"},"image":{"@id":"https:\/\/www.robisa.es\/pt\/#\/schema\/logo\/image\/"},"sameAs":["http:\/\/www.facebook.com\/pages\/ROBISA\/236622023060912","https:\/\/x.com\/ROBISA","https:\/\/www.instagram.com\/robisa.es\/","https:\/\/www.linkedin.com\/company\/rodolfo-biber-s-a-robisa-","http:\/\/www.youtube.com\/user\/robisavideos"]},{"@type":"Person","@id":"https:\/\/www.robisa.es\/pt\/#\/schema\/person\/684d4ab560dbdff1913d56dd2dc8e524","name":"ROBISA","image":{"@type":"ImageObject","inLanguage":"pt","@id":"https:\/\/secure.gravatar.com\/avatar\/c0402470c0499dbe228b4981b7686049fc63465ef613dced1c79a252d02c3f96?s=96&d=mm&r=g","url":"https:\/\/secure.gravatar.com\/avatar\/c0402470c0499dbe228b4981b7686049fc63465ef613dced1c79a252d02c3f96?s=96&d=mm&r=g","contentUrl":"https:\/\/secure.gravatar.com\/avatar\/c0402470c0499dbe228b4981b7686049fc63465ef613dced1c79a252d02c3f96?s=96&d=mm&r=g","caption":"ROBISA"}}]}},"_links":{"self":[{"href":"https:\/\/www.robisa.es\/pt\/wp-json\/wp\/v2\/posts\/29896","targetHints":{"allow":["GET"]}}],"collection":[{"href":"https:\/\/www.robisa.es\/pt\/wp-json\/wp\/v2\/posts"}],"about":[{"href":"https:\/\/www.robisa.es\/pt\/wp-json\/wp\/v2\/types\/post"}],"author":[{"embeddable":true,"href":"https:\/\/www.robisa.es\/pt\/wp-json\/wp\/v2\/users\/9"}],"replies":[{"embeddable":true,"href":"https:\/\/www.robisa.es\/pt\/wp-json\/wp\/v2\/comments?post=29896"}],"version-history":[{"count":0,"href":"https:\/\/www.robisa.es\/pt\/wp-json\/wp\/v2\/posts\/29896\/revisions"}],"wp:featuredmedia":[{"embeddable":true,"href":"https:\/\/www.robisa.es\/pt\/wp-json\/wp\/v2\/media\/29528"}],"wp:attachment":[{"href":"https:\/\/www.robisa.es\/pt\/wp-json\/wp\/v2\/media?parent=29896"}],"wp:term":[{"taxonomy":"category","embeddable":true,"href":"https:\/\/www.robisa.es\/pt\/wp-json\/wp\/v2\/categories?post=29896"},{"taxonomy":"post_tag","embeddable":true,"href":"https:\/\/www.robisa.es\/pt\/wp-json\/wp\/v2\/tags?post=29896"}],"curies":[{"name":"wp","href":"https:\/\/api.w.org\/{rel}","templated":true}]}}