{"id":40163,"date":"2021-04-15T12:50:12","date_gmt":"2021-04-15T10:50:12","guid":{"rendered":"https:\/\/www.robisa.es\/?p=40163"},"modified":"2021-04-15T12:50:12","modified_gmt":"2021-04-15T10:50:12","slug":"pr-benq-sw271c","status":"publish","type":"post","link":"https:\/\/www.robisa.es\/pt\/pr-benq-sw271c\/","title":{"rendered":"Nuevo PhotoVue SW271C de BenQ Monitor profesional para edici\u00f3n fotogr\u00e1fica"},"content":{"rendered":"<div class=\"flex_column av_one_full  flex_column_div av-zero-column-padding first  \" style='border-radius:0px; '><section class=\"av_textblock_section \" ><div class='avia_textblock  '  ><h2>Novo PhotoVue SW271C da BenQ<\/h2>\n<\/div><\/section><br \/>\n<div style='height:50px' class='hr hr-invisible  '><span class='hr-inner ' ><span class='hr-inner-style'><\/span><\/span><\/div><br \/>\n<section class=\"av_textblock_section \" ><div class='avia_textblock  '  ><h3 style=\"text-align: justify;\"><em>O monitor profissional com tecnologia AQCOLOR, cobertura Adobe RGB e resolu\u00e7\u00e3o 4K para uma reprodu\u00e7\u00e3o de cor precisa e uma uniformidade irrepreens\u00edvel proporciona a derradeira plataforma para edi\u00e7\u00e3o fotogr\u00e1fica.<\/em><\/h3>\n<\/div><\/section><\/p><\/div><div style='height:50px' class='hr hr-invisible  '><span class='hr-inner ' ><span class='hr-inner-style'><\/span><\/span><\/div><\/p>\n<div class=\"flex_column av_one_full  flex_column_div av-zero-column-padding first  \" style='border-radius:0px; '><p><div class='avia-image-container  av-styling-    avia-align-center '  ><div class='avia-image-container-inner'><img class='avia_image ' src='https:\/\/www.robisa.es\/wp-content\/uploads\/2019\/12\/Benq-4-sw321c-4k-ips-32-inch-monitor-for-photographer_ptt.jpg' alt='' title='Benq-4-sw321c-4k-ips-32-inch-monitor-for-photographer_ptt'   \/><\/div><\/div><br \/>\n<div style='height:50px' class='hr hr-invisible  '><span class='hr-inner ' ><span class='hr-inner-style'><\/span><\/span><\/div><br \/>\n<div class='avia-gallery  avia-gallery-1 avia_lazyload avia_animate_when_visible ' ><div class='avia-gallery-thumb'> <a href='https:\/\/www.robisa.es\/wp-content\/uploads\/2019\/12\/Benq-sw321c-4k-ips-32-inch-monitor-for-photographer-1030x1030.jpg' data-rel='gallery-1' data-prev-img='https:\/\/www.robisa.es\/wp-content\/uploads\/2019\/12\/Benq-sw321c-4k-ips-32-inch-monitor-for-photographer-495x400.jpg' class='first_thumb lightbox ' data-onclick='1' title='' ><img  src='https:\/\/www.robisa.es\/wp-content\/uploads\/2019\/12\/Benq-sw321c-4k-ips-32-inch-monitor-for-photographer-495x400.jpg' width='495' height='400'  title='Benq-sw321c-4k-ips-32-inch-monitor-for-photographer' alt='' \/><\/a> <a href='https:\/\/www.robisa.es\/wp-content\/uploads\/2019\/12\/Benq-2-sw321c-4k-ips-32-inch-monitor-for-photographer-1030x1030.jpg' data-rel='gallery-1' data-prev-img='https:\/\/www.robisa.es\/wp-content\/uploads\/2019\/12\/Benq-2-sw321c-4k-ips-32-inch-monitor-for-photographer-495x400.jpg' class='lightbox ' data-onclick='2' title='' ><img  src='https:\/\/www.robisa.es\/wp-content\/uploads\/2019\/12\/Benq-2-sw321c-4k-ips-32-inch-monitor-for-photographer-495x400.jpg' width='495' height='400'  title='Benq-2-sw321c-4k-ips-32-inch-monitor-for-photographer' alt='' \/><\/a> <a href='https:\/\/www.robisa.es\/wp-content\/uploads\/2019\/12\/Benq-3-sw321c-4k-ips-32-inch-monitor-for-photographer-1030x1030.jpg' data-rel='gallery-1' data-prev-img='https:\/\/www.robisa.es\/wp-content\/uploads\/2019\/12\/Benq-3-sw321c-4k-ips-32-inch-monitor-for-photographer-495x400.jpg' class='lightbox ' data-onclick='3' title='' ><img  src='https:\/\/www.robisa.es\/wp-content\/uploads\/2019\/12\/Benq-3-sw321c-4k-ips-32-inch-monitor-for-photographer-495x400.jpg' width='495' height='400'  title='Benq-3-sw321c-4k-ips-32-inch-monitor-for-photographer' alt='' \/><\/a> <a href='https:\/\/www.robisa.es\/wp-content\/uploads\/2019\/12\/Benq-6-sw321c-4k-ips-32-inch-monitor-for-photographer-1030x1030.jpg' data-rel='gallery-1' data-prev-img='https:\/\/www.robisa.es\/wp-content\/uploads\/2019\/12\/Benq-6-sw321c-4k-ips-32-inch-monitor-for-photographer-495x400.jpg' class='lightbox ' data-onclick='4' title='' ><img  src='https:\/\/www.robisa.es\/wp-content\/uploads\/2019\/12\/Benq-6-sw321c-4k-ips-32-inch-monitor-for-photographer-495x400.jpg' width='495' height='400'  title='Benq-6-sw321c-4k-ips-32-inch-monitor-for-photographer' alt='' \/><\/a> <a href='https:\/\/www.robisa.es\/wp-content\/uploads\/2019\/12\/Benq-9-sw321c-4k-ips-32-inch-monitor-for-photographer-1030x1030.jpg' data-rel='gallery-1' data-prev-img='https:\/\/www.robisa.es\/wp-content\/uploads\/2019\/12\/Benq-9-sw321c-4k-ips-32-inch-monitor-for-photographer-495x400.jpg' class='lightbox ' data-onclick='5' title='' ><img  src='https:\/\/www.robisa.es\/wp-content\/uploads\/2019\/12\/Benq-9-sw321c-4k-ips-32-inch-monitor-for-photographer-495x400.jpg' width='495' height='400'  title='Benq-9-sw321c-4k-ips-32-inch-monitor-for-photographer' alt='' \/><\/a> <a href='https:\/\/www.robisa.es\/wp-content\/uploads\/2019\/12\/Benq-10-sw321c-4k-ips-32-inch-monitor-for-photographer-1030x1030.jpg' data-rel='gallery-1' data-prev-img='https:\/\/www.robisa.es\/wp-content\/uploads\/2019\/12\/Benq-10-sw321c-4k-ips-32-inch-monitor-for-photographer-495x400.jpg' class='first_thumb lightbox ' data-onclick='6' title='' ><img  src='https:\/\/www.robisa.es\/wp-content\/uploads\/2019\/12\/Benq-10-sw321c-4k-ips-32-inch-monitor-for-photographer-495x400.jpg' width='495' height='400'  title='Benq-10-sw321c-4k-ips-32-inch-monitor-for-photographer' alt='' \/><\/a> <a href='https:\/\/www.robisa.es\/wp-content\/uploads\/2019\/12\/Benq-11-sw321c-4k-ips-32-inch-monitor-for-photographer-1030x1030.jpg' data-rel='gallery-1' data-prev-img='https:\/\/www.robisa.es\/wp-content\/uploads\/2019\/12\/Benq-11-sw321c-4k-ips-32-inch-monitor-for-photographer-495x400.jpg' class='lightbox ' data-onclick='7' title='' ><img  src='https:\/\/www.robisa.es\/wp-content\/uploads\/2019\/12\/Benq-11-sw321c-4k-ips-32-inch-monitor-for-photographer-495x400.jpg' width='495' height='400'  title='Benq-11-sw321c-4k-ips-32-inch-monitor-for-photographer' alt='' \/><\/a> <a href='https:\/\/www.robisa.es\/wp-content\/uploads\/2021\/03\/cq5dam.web_.800.800.jpeg' data-rel='gallery-1' data-prev-img='https:\/\/www.robisa.es\/wp-content\/uploads\/2021\/03\/cq5dam.web_.800.800-495x400.jpeg' class='lightbox ' data-onclick='8' title='' ><img  src='https:\/\/www.robisa.es\/wp-content\/uploads\/2021\/03\/cq5dam.web_.800.800-495x400.jpeg' width='495' height='400'  title='cq5dam.web.800.800' alt='' \/><\/a><\/div><\/div><\/p><\/div><div style='height:50px' class='hr hr-invisible  '><span class='hr-inner ' ><span class='hr-inner-style'><\/span><\/span><\/div><\/p>\n<div class=\"flex_column av_one_full  flex_column_div av-zero-column-padding first  \" style='border-radius:0px; '><section class=\"av_textblock_section \" ><div class='avia_textblock  '  ><p style=\"text-align: justify;\"><strong>Lisboa, 8 de abril de 2021 <\/strong><\/p>\n<p style=\"text-align: justify;\"><a href=\"https:\/\/www.robisa.es\/benq\/\">BenQ<\/a>, um fornecedor de dispositivos para a vida digital distribu\u00eddo em Portugal pela Robisa, apresenta o monitor para edi\u00e7\u00e3o fotogr\u00e1fica PhotoVue SW271C, com cobertura Adobe RGB, resolu\u00e7\u00e3o 4K e 27 polegadas, juntamente com tecnologia Paper Color Sync para coordenar a cor do ecr\u00e3 e a das fotos. Gra\u00e7as \u00e0 tecnologia exclusiva AQCOLOR que oferece um desempenho de cor l\u00edder do mercado com a uniformidade dos ecr\u00e3s calibrados por especialistas e a sua consist\u00eancia de cor, o SW271C proporciona aos fot\u00f3grafos a derradeira plataforma para uma edi\u00e7\u00e3o fotogr\u00e1fica precisa e uma reprodu\u00e7\u00e3o fi\u00e1vel da impress\u00e3o das fotos.<\/p>\n<p style=\"text-align: justify;\">Quer esteja a desenhar conte\u00fado para a web em sRGB, editar v\u00eddeo 4K em DCI-P3\/Rec. 709 ou retocar fotografias em Adobe RGB, os mil milh\u00f5es de cores do SW271C t\u00eam a profundidade e cobertura para representar a sua produ\u00e7\u00e3o com todo o detalhe, permitindo que o seu trabalho apresente o resultado final que sempre idealizou.<\/p>\n<\/div><\/section><br \/>\n<div style='height:50px' class='hr hr-invisible  '><span class='hr-inner ' ><span class='hr-inner-style'><\/span><\/span><\/div><\/p><\/div><div class='avia-image-container  av-styling-    avia-align-center '  ><div class='avia-image-container-inner'><img class='avia_image ' src='https:\/\/www.robisa.es\/wp-content\/uploads\/2021\/03\/workpaper-1920.jpg' alt='' title='workpaper-1920'   \/><\/div><\/div><\/p>\n<div style='height:50px' class='hr hr-invisible  '><span class='hr-inner ' ><span class='hr-inner-style'><\/span><\/span><\/div>\n<section class=\"av_textblock_section \" ><div class='avia_textblock  '  ><p><strong>Precis\u00e3o de cor<\/strong><\/p>\n<p>A LUT de 16 bits melhora a combina\u00e7\u00e3o de cores para uma reprodu\u00e7\u00e3o precisa. Um Delta E \u2264 2 nos espa\u00e7os de cor Adobe RGB e sRGB garante a melhor precis\u00e3o poss\u00edvel.<\/p>\n<p><strong>Profundidade de cor de 10 bits<\/strong><\/p>\n<p>Aceda a mais de mil milh\u00f5es de cores, sombreamento natural e gradientes de cor suaves com o monitor SW271C.<\/p>\n<p><strong>Calibrado de f\u00e1brica para uma precis\u00e3o de cor desde o primeiro momento<\/strong><\/p>\n<p>O SW271C oferece precis\u00e3o de cor desde o primeiro momento. Cada ecr\u00e3 \u00e9 fornecido com a sua informa\u00e7\u00e3o de calibra\u00e7\u00e3o de f\u00e1brica \u00fanica.<\/p>\n<\/div><\/section>\n<div class=\"flex_column av_one_full  flex_column_div av-zero-column-padding first  \" style='border-radius:0px; '><div class='avia-image-container  av-styling-    avia-align-center '  ><div class='avia-image-container-inner'><img class='avia_image ' src='https:\/\/www.robisa.es\/wp-content\/uploads\/2019\/12\/SW321C-A-fa_o_sw270c_feature-34_optional-1_ES.jpg' alt='' title='SW321C-A+-fa_o_sw270c_feature-3+4_optional-1_ES'   \/><\/div><\/div><\/div>\n<div style='height:50px' class='hr hr-invisible  '><span class='hr-inner ' ><span class='hr-inner-style'><\/span><\/span><\/div>\n<section class=\"av_textblock_section \" ><div class='avia_textblock  '  ><p style=\"text-align: justify;\"><strong>Certifica\u00e7\u00f5es CalMAN Verified e Pantone<\/strong><\/p>\n<p style=\"text-align: justify;\">Os profissionais criativos exigem excel\u00eancia. A BenQ oferece-a. O SW271C conta com as certifica\u00e7\u00f5es CalMAN Verified e Pantone. Confie nas suas cores.<\/p>\n<p style=\"text-align: justify;\"><strong>Resultados de edi\u00e7\u00e3o de v\u00eddeo refinada<\/strong><\/p>\n<p style=\"text-align: justify;\">A edi\u00e7\u00e3o de v\u00eddeo requere ferramentas precisas e completas. O SW271Ca ajuda os profissionais a obter os melhores resultados poss\u00edveis com suporte HDR e m\u00faltiplos formatos de v\u00eddeo.<\/p>\n<div class=\"com_text text_lg f_white text-left\"><\/div>\n<\/div><\/section>\n<div style='height:50px' class='hr hr-invisible  '><span class='hr-inner ' ><span class='hr-inner-style'><\/span><\/span><\/div>\n<div class='avia-image-container  av-styling-    avia-align-center '  ><div class='avia-image-container-inner'><img class='avia_image ' src='https:\/\/www.robisa.es\/wp-content\/uploads\/2021\/03\/calman-panton-m-white.jpg' alt='' title='calman-panton-m-white'   \/><\/div><\/div>\n<div style='height:50px' class='hr hr-invisible  '><span class='hr-inner ' ><span class='hr-inner-style'><\/span><\/span><\/div>\n<section class=\"av_textblock_section \" ><div class='avia_textblock  '  ><p style=\"text-align: justify;\"><strong>High Dynamic Range (HDR)<\/strong><\/p>\n<p style=\"text-align: justify;\">O SW271C \u00e9 compat\u00edvel com os formatos HDR10 e HLG. Consiga uma previsualiza\u00e7\u00e3o do efeito HDR do conte\u00fado de v\u00eddeo durante o processo de edi\u00e7\u00e3o para obter os melhores resultados.<\/p>\n<p style=\"text-align: justify;\"><strong>Pre\u00e7o e disponibilidade<\/strong><\/p>\n<p style=\"text-align: justify;\">O novo monitor PhotoVue SW271C da BenQ j\u00e1 est\u00e1 dispon\u00edvel em Portugal atrav\u00e9s da Robisa, com um PVP sugerido de 1499 euros.<\/p>\n<p style=\"text-align: justify;\"><strong>Mais informa\u00e7\u00f5es<\/strong>: <a href=\"https:\/\/www.robisa.es\/pt\/benq\/\">https:\/\/www.robisa.es\/pt\/benq\/<\/a><br \/>\n<strong>Fotos de alta resolu\u00e7\u00e3o:<\/strong> <a href=\"https:\/\/fotos.aempress.com\/Robisa\/BenQ-PhotoVue-SW271C\">https:\/\/fotos.aempress.com\/Robisa\/BenQ-PhotoVue-SW271C<\/a><\/p>\n<\/div><\/section>\n<div style='height:50px' class='hr hr-invisible  '><span class='hr-inner ' ><span class='hr-inner-style'><\/span><\/span><\/div>\n<div class='avia-image-container  av-styling-    avia-align-center '  ><div class='avia-image-container-inner'><img class='avia_image ' src='https:\/\/www.robisa.es\/wp-content\/uploads\/2021\/03\/support-video-1920-.jpg' alt='' title='support-video-1920-'   \/><\/div><\/div>\n<div style='height:50px' class='hr hr-invisible  '><span class='hr-inner ' ><span class='hr-inner-style'><\/span><\/span><\/div>\n<div class='avia-image-container  av-styling-    avia-align-center '  ><div class='avia-image-container-inner'><img class='avia_image ' src='https:\/\/www.robisa.es\/wp-content\/uploads\/2021\/03\/video-calibration.jpg' alt='' title='video-calibration'   \/><\/div><\/div>\n<div style='height:50px' class='hr hr-invisible  '><span class='hr-inner ' ><span class='hr-inner-style'><\/span><\/span><\/div>\n<div class='avia-image-container  av-styling-    avia-align-center '  ><div class='avia-image-container-inner'><img class='avia_image ' src='https:\/\/www.robisa.es\/wp-content\/uploads\/2021\/03\/papercolor-sync-1200.png' alt='' title='papercolor-sync-1200'   \/><\/div><\/div>\n<div style='height:50px' class='hr hr-invisible  '><span class='hr-inner ' ><span class='hr-inner-style'><\/span><\/span><\/div>\n<div style='height:50px' class='hr hr-invisible  '><span class='hr-inner ' ><span class='hr-inner-style'><\/span><\/span><\/div>\n<div style='height:50px' class='hr hr-invisible  '><span class='hr-inner ' ><span class='hr-inner-style'><\/span><\/span><\/div>\n<div style='height:50px' class='hr hr-invisible  '><span class='hr-inner ' ><span class='hr-inner-style'><\/span><\/span><\/div>\n<div style='height:50px' class='hr hr-invisible  '><span class='hr-inner ' ><span class='hr-inner-style'><\/span><\/span><\/div>\n<div style='height:50px' class='hr hr-invisible  '><span class='hr-inner ' ><span class='hr-inner-style'><\/span><\/span><\/div>\n<div style='height:50px' class='hr hr-invisible  '><span class='hr-inner ' ><span class='hr-inner-style'><\/span><\/span><\/div>\n","protected":false},"excerpt":{"rendered":"","protected":false},"author":8,"featured_media":30584,"comment_status":"open","ping_status":"open","sticky":false,"template":"","format":"standard","meta":{"footnotes":""},"categories":[165,872,157],"tags":[866,867,1740,868,869,254,870,871,260],"class_list":["post-40163","post","type-post","status-publish","format-standard","has-post-thumbnail","hentry","category-notas-de-prensa-pt","category-https-www-robisa-es-pt-notas-imprensa-benq","category-uncategorized-pt","tag-benq-pt","tag-benq-monitor-pt","tag-benq-sw271c-pt","tag-distribucion-pt","tag-espana-pt","tag-fotografia-pt","tag-monitoresbenqq-pt","tag-portugal-pt","tag-robisa-pt"],"yoast_head":"<!-- This site is optimized with the Yoast SEO plugin v27.5 - https:\/\/yoast.com\/product\/yoast-seo-wordpress\/ -->\n<title>BenQ SW271C Monitor profesional para edici\u00f3n fotogr\u00e1fica<\/title>\n<meta name=\"description\" content=\"Benq SW271C de Monitor profesional para edici\u00f3n fotogr\u00e1fica con tecnologia AQColor para tener una precisi\u00f3n de color inigualable\" \/>\n<meta name=\"robots\" content=\"index, follow, max-snippet:-1, max-image-preview:large, max-video-preview:-1\" \/>\n<link rel=\"canonical\" href=\"https:\/\/www.robisa.es\/pt\/pr-benq-sw271c\/\" \/>\n<meta property=\"og:locale\" content=\"pt_PT\" \/>\n<meta property=\"og:type\" content=\"article\" \/>\n<meta property=\"og:title\" content=\"BenQ SW271C Monitor profesional para edici\u00f3n fotogr\u00e1fica\" \/>\n<meta property=\"og:description\" content=\"Benq SW271C de Monitor profesional para edici\u00f3n fotogr\u00e1fica con tecnologia AQColor para tener una precisi\u00f3n de color inigualable\" \/>\n<meta property=\"og:url\" content=\"https:\/\/www.robisa.es\/pt\/pr-benq-sw271c\/\" \/>\n<meta property=\"og:site_name\" content=\"ROBISA\" \/>\n<meta property=\"article:publisher\" content=\"http:\/\/www.facebook.com\/pages\/ROBISA\/236622023060912\" \/>\n<meta property=\"article:published_time\" content=\"2021-04-15T10:50:12+00:00\" \/>\n<meta property=\"og:image\" content=\"https:\/\/www.robisa.es\/wp-content\/uploads\/2019\/12\/Benq-3-sw321c-4k-ips-32-inch-monitor-for-photographer.jpg\" \/>\n\t<meta property=\"og:image:width\" content=\"1400\" \/>\n\t<meta property=\"og:image:height\" content=\"1400\" \/>\n\t<meta property=\"og:image:type\" content=\"image\/jpeg\" \/>\n<meta name=\"author\" content=\"ROBISA\" \/>\n<meta name=\"twitter:card\" content=\"summary_large_image\" \/>\n<meta name=\"twitter:creator\" content=\"@ROBISA\" \/>\n<meta name=\"twitter:site\" content=\"@ROBISA\" \/>\n<meta name=\"twitter:label1\" content=\"Written by\" \/>\n\t<meta name=\"twitter:data1\" content=\"ROBISA\" \/>\n\t<meta name=\"twitter:label2\" content=\"Est. reading time\" \/>\n\t<meta name=\"twitter:data2\" content=\"5 minutes\" \/>\n<script type=\"application\/ld+json\" class=\"yoast-schema-graph\">{\"@context\":\"https:\\\/\\\/schema.org\",\"@graph\":[{\"@type\":\"Article\",\"@id\":\"https:\\\/\\\/www.robisa.es\\\/pt\\\/pr-benq-sw271c\\\/#article\",\"isPartOf\":{\"@id\":\"https:\\\/\\\/www.robisa.es\\\/pt\\\/pr-benq-sw271c\\\/\"},\"author\":{\"name\":\"ROBISA\",\"@id\":\"https:\\\/\\\/www.robisa.es\\\/pt\\\/#\\\/schema\\\/person\\\/15d196fee14f3e3b10468c6660e90ee7\"},\"headline\":\"Nuevo PhotoVue SW271C de BenQ Monitor profesional para edici\u00f3n fotogr\u00e1fica\",\"datePublished\":\"2021-04-15T10:50:12+00:00\",\"mainEntityOfPage\":{\"@id\":\"https:\\\/\\\/www.robisa.es\\\/pt\\\/pr-benq-sw271c\\\/\"},\"wordCount\":1800,\"commentCount\":0,\"publisher\":{\"@id\":\"https:\\\/\\\/www.robisa.es\\\/pt\\\/#organization\"},\"image\":{\"@id\":\"https:\\\/\\\/www.robisa.es\\\/pt\\\/pr-benq-sw271c\\\/#primaryimage\"},\"thumbnailUrl\":\"https:\\\/\\\/www.robisa.es\\\/wp-content\\\/uploads\\\/2019\\\/12\\\/Benq-3-sw321c-4k-ips-32-inch-monitor-for-photographer.jpg\",\"keywords\":[\"BenQ\",\"BenQ monitor\",\"Benq SW271C\",\"distribucion\",\"espa\u00f1a\",\"Fotograf\u00eda\",\"monitoresBenqQ\",\"portugal\",\"Robisa\"],\"articleSection\":[\"COMUNICADO DE IMPRENSA\",\"NP IMPRENSA BENQ\",\"Uncategorized @pt\"],\"inLanguage\":\"pt\",\"potentialAction\":[{\"@type\":\"CommentAction\",\"name\":\"Comment\",\"target\":[\"https:\\\/\\\/www.robisa.es\\\/pt\\\/pr-benq-sw271c\\\/#respond\"]}]},{\"@type\":\"WebPage\",\"@id\":\"https:\\\/\\\/www.robisa.es\\\/pt\\\/pr-benq-sw271c\\\/\",\"url\":\"https:\\\/\\\/www.robisa.es\\\/pt\\\/pr-benq-sw271c\\\/\",\"name\":\"BenQ SW271C Monitor profesional para edici\u00f3n fotogr\u00e1fica\",\"isPartOf\":{\"@id\":\"https:\\\/\\\/www.robisa.es\\\/pt\\\/#website\"},\"primaryImageOfPage\":{\"@id\":\"https:\\\/\\\/www.robisa.es\\\/pt\\\/pr-benq-sw271c\\\/#primaryimage\"},\"image\":{\"@id\":\"https:\\\/\\\/www.robisa.es\\\/pt\\\/pr-benq-sw271c\\\/#primaryimage\"},\"thumbnailUrl\":\"https:\\\/\\\/www.robisa.es\\\/wp-content\\\/uploads\\\/2019\\\/12\\\/Benq-3-sw321c-4k-ips-32-inch-monitor-for-photographer.jpg\",\"datePublished\":\"2021-04-15T10:50:12+00:00\",\"description\":\"Benq SW271C de Monitor profesional para edici\u00f3n fotogr\u00e1fica con tecnologia AQColor para tener una precisi\u00f3n de color inigualable\",\"breadcrumb\":{\"@id\":\"https:\\\/\\\/www.robisa.es\\\/pt\\\/pr-benq-sw271c\\\/#breadcrumb\"},\"inLanguage\":\"pt\",\"potentialAction\":[{\"@type\":\"ReadAction\",\"target\":[\"https:\\\/\\\/www.robisa.es\\\/pt\\\/pr-benq-sw271c\\\/\"]}]},{\"@type\":\"ImageObject\",\"inLanguage\":\"pt\",\"@id\":\"https:\\\/\\\/www.robisa.es\\\/pt\\\/pr-benq-sw271c\\\/#primaryimage\",\"url\":\"https:\\\/\\\/www.robisa.es\\\/wp-content\\\/uploads\\\/2019\\\/12\\\/Benq-3-sw321c-4k-ips-32-inch-monitor-for-photographer.jpg\",\"contentUrl\":\"https:\\\/\\\/www.robisa.es\\\/wp-content\\\/uploads\\\/2019\\\/12\\\/Benq-3-sw321c-4k-ips-32-inch-monitor-for-photographer.jpg\",\"width\":1400,\"height\":1400},{\"@type\":\"BreadcrumbList\",\"@id\":\"https:\\\/\\\/www.robisa.es\\\/pt\\\/pr-benq-sw271c\\\/#breadcrumb\",\"itemListElement\":[{\"@type\":\"ListItem\",\"position\":1,\"name\":\"Portada\",\"item\":\"https:\\\/\\\/www.robisa.es\\\/pt\\\/home\\\/\"},{\"@type\":\"ListItem\",\"position\":2,\"name\":\"Nuevo PhotoVue SW271C de BenQ Monitor profesional para edici\u00f3n fotogr\u00e1fica\"}]},{\"@type\":\"WebSite\",\"@id\":\"https:\\\/\\\/www.robisa.es\\\/pt\\\/#website\",\"url\":\"https:\\\/\\\/www.robisa.es\\\/pt\\\/\",\"name\":\"ROBISA\",\"description\":\"Los mejores productos de fotograf\u00eda para profesionales y particulares con total garant\u00eda\",\"publisher\":{\"@id\":\"https:\\\/\\\/www.robisa.es\\\/pt\\\/#organization\"},\"potentialAction\":[{\"@type\":\"SearchAction\",\"target\":{\"@type\":\"EntryPoint\",\"urlTemplate\":\"https:\\\/\\\/www.robisa.es\\\/pt\\\/?s={search_term_string}\"},\"query-input\":{\"@type\":\"PropertyValueSpecification\",\"valueRequired\":true,\"valueName\":\"search_term_string\"}}],\"inLanguage\":\"pt\"},{\"@type\":\"Organization\",\"@id\":\"https:\\\/\\\/www.robisa.es\\\/pt\\\/#organization\",\"name\":\"Robisa\",\"url\":\"https:\\\/\\\/www.robisa.es\\\/pt\\\/\",\"logo\":{\"@type\":\"ImageObject\",\"inLanguage\":\"pt\",\"@id\":\"https:\\\/\\\/www.robisa.es\\\/pt\\\/#\\\/schema\\\/logo\\\/image\\\/\",\"url\":\"https:\\\/\\\/www.robisa.es\\\/wp-content\\\/uploads\\\/2016\\\/01\\\/robisa-rgb_negro-NEW-02.png\",\"contentUrl\":\"https:\\\/\\\/www.robisa.es\\\/wp-content\\\/uploads\\\/2016\\\/01\\\/robisa-rgb_negro-NEW-02.png\",\"width\":675,\"height\":298,\"caption\":\"Robisa\"},\"image\":{\"@id\":\"https:\\\/\\\/www.robisa.es\\\/pt\\\/#\\\/schema\\\/logo\\\/image\\\/\"},\"sameAs\":[\"http:\\\/\\\/www.facebook.com\\\/pages\\\/ROBISA\\\/236622023060912\",\"https:\\\/\\\/x.com\\\/ROBISA\",\"https:\\\/\\\/www.instagram.com\\\/robisa.es\\\/\",\"https:\\\/\\\/www.linkedin.com\\\/company\\\/rodolfo-biber-s-a-robisa-\",\"http:\\\/\\\/www.youtube.com\\\/user\\\/robisavideos\"]},{\"@type\":\"Person\",\"@id\":\"https:\\\/\\\/www.robisa.es\\\/pt\\\/#\\\/schema\\\/person\\\/15d196fee14f3e3b10468c6660e90ee7\",\"name\":\"ROBISA\",\"image\":{\"@type\":\"ImageObject\",\"inLanguage\":\"pt\",\"@id\":\"https:\\\/\\\/secure.gravatar.com\\\/avatar\\\/fb4725e6ddc68d14fcbf8ce02bc29fe4030bbf04e92afcd68d39fa1931360a78?s=96&d=mm&r=g\",\"url\":\"https:\\\/\\\/secure.gravatar.com\\\/avatar\\\/fb4725e6ddc68d14fcbf8ce02bc29fe4030bbf04e92afcd68d39fa1931360a78?s=96&d=mm&r=g\",\"contentUrl\":\"https:\\\/\\\/secure.gravatar.com\\\/avatar\\\/fb4725e6ddc68d14fcbf8ce02bc29fe4030bbf04e92afcd68d39fa1931360a78?s=96&d=mm&r=g\",\"caption\":\"ROBISA\"},\"sameAs\":[\"Susanne\"]}]}<\/script>\n<!-- \/ Yoast SEO plugin. -->","yoast_head_json":{"title":"BenQ SW271C Monitor profesional para edici\u00f3n fotogr\u00e1fica","description":"Benq SW271C de Monitor profesional para edici\u00f3n fotogr\u00e1fica con tecnologia AQColor para tener una precisi\u00f3n de color inigualable","robots":{"index":"index","follow":"follow","max-snippet":"max-snippet:-1","max-image-preview":"max-image-preview:large","max-video-preview":"max-video-preview:-1"},"canonical":"https:\/\/www.robisa.es\/pt\/pr-benq-sw271c\/","og_locale":"pt_PT","og_type":"article","og_title":"BenQ SW271C Monitor profesional para edici\u00f3n fotogr\u00e1fica","og_description":"Benq SW271C de Monitor profesional para edici\u00f3n fotogr\u00e1fica con tecnologia AQColor para tener una precisi\u00f3n de color inigualable","og_url":"https:\/\/www.robisa.es\/pt\/pr-benq-sw271c\/","og_site_name":"ROBISA","article_publisher":"http:\/\/www.facebook.com\/pages\/ROBISA\/236622023060912","article_published_time":"2021-04-15T10:50:12+00:00","og_image":[{"width":1400,"height":1400,"url":"https:\/\/www.robisa.es\/wp-content\/uploads\/2019\/12\/Benq-3-sw321c-4k-ips-32-inch-monitor-for-photographer.jpg","type":"image\/jpeg"}],"author":"ROBISA","twitter_card":"summary_large_image","twitter_creator":"@ROBISA","twitter_site":"@ROBISA","twitter_misc":{"Written by":"ROBISA","Est. reading time":"5 minutes"},"schema":{"@context":"https:\/\/schema.org","@graph":[{"@type":"Article","@id":"https:\/\/www.robisa.es\/pt\/pr-benq-sw271c\/#article","isPartOf":{"@id":"https:\/\/www.robisa.es\/pt\/pr-benq-sw271c\/"},"author":{"name":"ROBISA","@id":"https:\/\/www.robisa.es\/pt\/#\/schema\/person\/15d196fee14f3e3b10468c6660e90ee7"},"headline":"Nuevo PhotoVue SW271C de BenQ Monitor profesional para edici\u00f3n fotogr\u00e1fica","datePublished":"2021-04-15T10:50:12+00:00","mainEntityOfPage":{"@id":"https:\/\/www.robisa.es\/pt\/pr-benq-sw271c\/"},"wordCount":1800,"commentCount":0,"publisher":{"@id":"https:\/\/www.robisa.es\/pt\/#organization"},"image":{"@id":"https:\/\/www.robisa.es\/pt\/pr-benq-sw271c\/#primaryimage"},"thumbnailUrl":"https:\/\/www.robisa.es\/wp-content\/uploads\/2019\/12\/Benq-3-sw321c-4k-ips-32-inch-monitor-for-photographer.jpg","keywords":["BenQ","BenQ monitor","Benq SW271C","distribucion","espa\u00f1a","Fotograf\u00eda","monitoresBenqQ","portugal","Robisa"],"articleSection":["COMUNICADO DE IMPRENSA","NP IMPRENSA BENQ","Uncategorized @pt"],"inLanguage":"pt","potentialAction":[{"@type":"CommentAction","name":"Comment","target":["https:\/\/www.robisa.es\/pt\/pr-benq-sw271c\/#respond"]}]},{"@type":"WebPage","@id":"https:\/\/www.robisa.es\/pt\/pr-benq-sw271c\/","url":"https:\/\/www.robisa.es\/pt\/pr-benq-sw271c\/","name":"BenQ SW271C Monitor profesional para edici\u00f3n fotogr\u00e1fica","isPartOf":{"@id":"https:\/\/www.robisa.es\/pt\/#website"},"primaryImageOfPage":{"@id":"https:\/\/www.robisa.es\/pt\/pr-benq-sw271c\/#primaryimage"},"image":{"@id":"https:\/\/www.robisa.es\/pt\/pr-benq-sw271c\/#primaryimage"},"thumbnailUrl":"https:\/\/www.robisa.es\/wp-content\/uploads\/2019\/12\/Benq-3-sw321c-4k-ips-32-inch-monitor-for-photographer.jpg","datePublished":"2021-04-15T10:50:12+00:00","description":"Benq SW271C de Monitor profesional para edici\u00f3n fotogr\u00e1fica con tecnologia AQColor para tener una precisi\u00f3n de color inigualable","breadcrumb":{"@id":"https:\/\/www.robisa.es\/pt\/pr-benq-sw271c\/#breadcrumb"},"inLanguage":"pt","potentialAction":[{"@type":"ReadAction","target":["https:\/\/www.robisa.es\/pt\/pr-benq-sw271c\/"]}]},{"@type":"ImageObject","inLanguage":"pt","@id":"https:\/\/www.robisa.es\/pt\/pr-benq-sw271c\/#primaryimage","url":"https:\/\/www.robisa.es\/wp-content\/uploads\/2019\/12\/Benq-3-sw321c-4k-ips-32-inch-monitor-for-photographer.jpg","contentUrl":"https:\/\/www.robisa.es\/wp-content\/uploads\/2019\/12\/Benq-3-sw321c-4k-ips-32-inch-monitor-for-photographer.jpg","width":1400,"height":1400},{"@type":"BreadcrumbList","@id":"https:\/\/www.robisa.es\/pt\/pr-benq-sw271c\/#breadcrumb","itemListElement":[{"@type":"ListItem","position":1,"name":"Portada","item":"https:\/\/www.robisa.es\/pt\/home\/"},{"@type":"ListItem","position":2,"name":"Nuevo PhotoVue SW271C de BenQ Monitor profesional para edici\u00f3n fotogr\u00e1fica"}]},{"@type":"WebSite","@id":"https:\/\/www.robisa.es\/pt\/#website","url":"https:\/\/www.robisa.es\/pt\/","name":"ROBISA","description":"Los mejores productos de fotograf\u00eda para profesionales y particulares con total garant\u00eda","publisher":{"@id":"https:\/\/www.robisa.es\/pt\/#organization"},"potentialAction":[{"@type":"SearchAction","target":{"@type":"EntryPoint","urlTemplate":"https:\/\/www.robisa.es\/pt\/?s={search_term_string}"},"query-input":{"@type":"PropertyValueSpecification","valueRequired":true,"valueName":"search_term_string"}}],"inLanguage":"pt"},{"@type":"Organization","@id":"https:\/\/www.robisa.es\/pt\/#organization","name":"Robisa","url":"https:\/\/www.robisa.es\/pt\/","logo":{"@type":"ImageObject","inLanguage":"pt","@id":"https:\/\/www.robisa.es\/pt\/#\/schema\/logo\/image\/","url":"https:\/\/www.robisa.es\/wp-content\/uploads\/2016\/01\/robisa-rgb_negro-NEW-02.png","contentUrl":"https:\/\/www.robisa.es\/wp-content\/uploads\/2016\/01\/robisa-rgb_negro-NEW-02.png","width":675,"height":298,"caption":"Robisa"},"image":{"@id":"https:\/\/www.robisa.es\/pt\/#\/schema\/logo\/image\/"},"sameAs":["http:\/\/www.facebook.com\/pages\/ROBISA\/236622023060912","https:\/\/x.com\/ROBISA","https:\/\/www.instagram.com\/robisa.es\/","https:\/\/www.linkedin.com\/company\/rodolfo-biber-s-a-robisa-","http:\/\/www.youtube.com\/user\/robisavideos"]},{"@type":"Person","@id":"https:\/\/www.robisa.es\/pt\/#\/schema\/person\/15d196fee14f3e3b10468c6660e90ee7","name":"ROBISA","image":{"@type":"ImageObject","inLanguage":"pt","@id":"https:\/\/secure.gravatar.com\/avatar\/fb4725e6ddc68d14fcbf8ce02bc29fe4030bbf04e92afcd68d39fa1931360a78?s=96&d=mm&r=g","url":"https:\/\/secure.gravatar.com\/avatar\/fb4725e6ddc68d14fcbf8ce02bc29fe4030bbf04e92afcd68d39fa1931360a78?s=96&d=mm&r=g","contentUrl":"https:\/\/secure.gravatar.com\/avatar\/fb4725e6ddc68d14fcbf8ce02bc29fe4030bbf04e92afcd68d39fa1931360a78?s=96&d=mm&r=g","caption":"ROBISA"},"sameAs":["Susanne"]}]}},"_links":{"self":[{"href":"https:\/\/www.robisa.es\/pt\/wp-json\/wp\/v2\/posts\/40163","targetHints":{"allow":["GET"]}}],"collection":[{"href":"https:\/\/www.robisa.es\/pt\/wp-json\/wp\/v2\/posts"}],"about":[{"href":"https:\/\/www.robisa.es\/pt\/wp-json\/wp\/v2\/types\/post"}],"author":[{"embeddable":true,"href":"https:\/\/www.robisa.es\/pt\/wp-json\/wp\/v2\/users\/8"}],"replies":[{"embeddable":true,"href":"https:\/\/www.robisa.es\/pt\/wp-json\/wp\/v2\/comments?post=40163"}],"version-history":[{"count":3,"href":"https:\/\/www.robisa.es\/pt\/wp-json\/wp\/v2\/posts\/40163\/revisions"}],"predecessor-version":[{"id":40571,"href":"https:\/\/www.robisa.es\/pt\/wp-json\/wp\/v2\/posts\/40163\/revisions\/40571"}],"wp:featuredmedia":[{"embeddable":true,"href":"https:\/\/www.robisa.es\/pt\/wp-json\/wp\/v2\/media\/30584"}],"wp:attachment":[{"href":"https:\/\/www.robisa.es\/pt\/wp-json\/wp\/v2\/media?parent=40163"}],"wp:term":[{"taxonomy":"category","embeddable":true,"href":"https:\/\/www.robisa.es\/pt\/wp-json\/wp\/v2\/categories?post=40163"},{"taxonomy":"post_tag","embeddable":true,"href":"https:\/\/www.robisa.es\/pt\/wp-json\/wp\/v2\/tags?post=40163"}],"curies":[{"name":"wp","href":"https:\/\/api.w.org\/{rel}","templated":true}]}}